[{"@context":"https:\/\/schema.org\/","@type":"Article","@id":"https:\/\/www.chasa.cz\/danove-terminy-a-jak-na-to\/#Article","mainEntityOfPage":"https:\/\/www.chasa.cz\/danove-terminy-a-jak-na-to\/","headline":"Da\u0148ov\u00e9 term\u00edny a jak na to","name":"Da\u0148ov\u00e9 term\u00edny a jak na to","description":"Ka\u017ed\u00fd ob\u010dan, kter\u00fd \u0159\u00e1dn\u011b vykon\u00e1v\u00e1 svoji profesi a je v zam\u011bstnaneck\u00e9m pom\u011br, mus\u00ed ka\u017edoro\u010dn\u011b odevzd\u00e1vat da\u0148ov\u00e9 p\u0159izn\u00e1n\u00ed. M\u016f\u017ee se samoz\u0159ejm\u011b jednat i o pr\u00e1vnickou osobu. Da\u0148ov\u00e1 p\u0159izn\u00e1n\u00ed jsou vlastn\u011b p\u0159\u00edjmy, kter\u00e9 mus\u00ed dan\u00e1 osoba p\u0159iznat podl\u00e9haj\u00edc\u00ed dani kterou n\u00e1m vym\u011b\u0159uje... <a class=\"more-link\" href=\"https:\/\/www.chasa.cz\/danove-terminy-a-jak-na-to\/\">Pokra\u010dovat ve \u010dten\u00ed &rarr;<\/a>","datePublished":"2022-12-24","dateModified":"2023-06-14","author":{"@type":"Person","@id":"https:\/\/www.chasa.cz\/author\/devene\/#Person","name":"devene","url":"https:\/\/www.chasa.cz\/author\/devene\/","identifier":1,"image":{"@type":"ImageObject","@id":"https:\/\/secure.gravatar.com\/avatar\/8ee00db67df6a380981db2e33f97d2fa79637c4880a83f2a0ac4c29b5bb179e1?s=96&d=mm&r=g","url":"https:\/\/secure.gravatar.com\/avatar\/8ee00db67df6a380981db2e33f97d2fa79637c4880a83f2a0ac4c29b5bb179e1?s=96&d=mm&r=g","height":96,"width":96}},"publisher":{"@type":"Organization","name":"chasa.cz","logo":{"@type":"ImageObject","@id":"\/logo.png","url":"\/logo.png","width":600,"height":60}},"image":{"@type":"ImageObject","@id":"https:\/\/www.chasa.cz\/wp-content\/uploads\/tax-office-233345_640.jpg","url":"https:\/\/www.chasa.cz\/wp-content\/uploads\/tax-office-233345_640.jpg","height":0,"width":0},"url":"https:\/\/www.chasa.cz\/danove-terminy-a-jak-na-to\/","about":["Spole\u010dnosti"],"wordCount":506,"articleBody":"        Ka\u017ed\u00fd ob\u010dan, kter\u00fd \u0159\u00e1dn\u011b vykon\u00e1v\u00e1 svoji profesi a je v zam\u011bstnaneck\u00e9m pom\u011br, mus\u00ed ka\u017edoro\u010dn\u011b odevzd\u00e1vat da\u0148ov\u00e9 p\u0159izn\u00e1n\u00ed. M\u016f\u017ee se samoz\u0159ejm\u011b jednat i o pr\u00e1vnickou osobu. Da\u0148ov\u00e1 p\u0159izn\u00e1n\u00ed jsou vlastn\u011b p\u0159\u00edjmy, kter\u00e9 mus\u00ed dan\u00e1 osoba p\u0159iznat podl\u00e9haj\u00edc\u00ed dani kterou n\u00e1m vym\u011b\u0159uje st\u00e1t. V podan\u00e9m da\u0148ov\u00e9m p\u0159izn\u00e1n\u00ed se vy\u010d\u00edsl\u00ed da\u0148 a ta u\u017e se pak porovn\u00e1 se z\u00e1lohami, kter\u00e9 ji\u017e zaplacen\u00e9 byli. A potom ve v\u00fdsledku se bu\u010f vracej\u00ed nebo vznik\u00e1 dluh. Term\u00edny pro odevzd\u00e1n\u00ed va\u0161ich p\u0159\u00edjm\u016f se bu\u010f pod\u00e1v\u00e1 v p\u00edsemn\u00e9 listinn\u00e9 form\u011b v\u017edy do 31.3. dan\u00e9ho roku. Pokud si ale vyberete mo\u017enost podat p\u0159izn\u00e1n\u00ed elektronicky m\u00e1te lh\u016ftu je\u0161t\u011b o m\u011bs\u00edc del\u0161\u00ed. A jestli si ka\u017edoro\u010dn\u011b vyb\u00edr\u00e1te jako pomoc p\u0159\u00edslu\u0161n\u00e9ho da\u0148ov\u00e9ho poradce nebo snad advok\u00e1ta v\u00e1\u0161 \u010das se t\u00edm automaticky prodlu\u017euje a\u017e do konce \u010dervna. N\u011bkdy se va\u0161em zam\u011bstn\u00e1n\u00ed odevzd\u00e1vaj\u00ed da\u0148ov\u00e1 p\u0159izn\u00e1n\u00ed za v\u00e1s. A vy konkr\u00e9tn\u011b jen dopln\u00edte p\u00e1r detail\u016f a samoz\u0159ejm\u011b podep\u00ed\u0161ete. Da\u0148ov\u00e9 p\u0159izn\u00e1n\u00ed jsou r\u016fzn\u00e9. Jako nap\u0159\u00edklad: da\u0148 z p\u0159idan\u00e9 hodnoty, da\u0148 z nemovit\u00fdch v\u011bc\u00ed, da\u0148 z nabyt\u00ed nemovit\u00fdch v\u011bc\u00ed, da\u0148 silni\u010dn\u00ed. I tak se v dne\u0161n\u00ed dob\u011b nejv\u00edce vyu\u017e\u00edv\u00e1 pod\u00e1n\u00ed v listinn\u00e9 form\u011b. A p\u0159ev\u00e1\u017en\u011b pr\u00e1vnick\u00e9 osoby odv\u00e1d\u011bj\u00ed da\u0148 elektronicky. M\u016f\u017eete vyu\u017e\u00edvat k elektronick\u00e9mu pod\u00e1n\u00ed i datovou schr\u00e1nku. Zva\u017ete si tedy sami jej\u00ed p\u0159\u00edpadn\u00e9 zalo\u017een\u00ed. Pokud byste to cht\u011bli odes\u00edlat v klasick\u00e9m form\u00e1tu jako je PDF nebo odes\u00edlat z Excelu. Tak to pros\u00edm nen\u00ed mo\u017en\u00e9. A v \u017e\u00e1dn\u00e9m p\u0159\u00edpad\u011b se nechystejte da\u0148ov\u00e9 p\u0159izn\u00e1n\u00ed oskenovat a poslat. Dan\u011b elektronicky m\u016f\u017eete nap\u0159\u00edklad odeslat webu da\u0148ov\u00e9 spr\u00e1vy.Jsou tu i mo\u017enosti jako je odklad da\u0148ov\u00e9ho p\u0159izn\u00e1n\u00ed, nebo opravn\u00e9 da\u0148ov\u00e9 p\u0159izn\u00e1n\u00ed. Toto opravn\u00e9 da\u0148ov\u00e9 p\u0159izn\u00e1n\u00ed m\u016f\u017eete podat kdykoliv, a to mezi obdob\u00edm, kdy mus\u00edte \u0159\u00e1dn\u011b podat a mezi uplynut\u00edm lh\u016fty pro jeho pod\u00e1n\u00ed. A pokud dolo\u017e\u00edte opravn\u00e9 pod\u00e1n\u00ed, na to p\u0159edt\u00edm u\u017e se v\u016fbec p\u0159ihl\u00ed\u017eet nebude. Jako byste ho ji\u017e nikdy nepodali. Pokud tedy nem\u00e1te da\u0148ov\u00e9ho poradce term\u00edny pro fyzick\u00e9 osoby k p\u0159izn\u00e1n\u00ed dan\u00ed &#8211; da\u0148ov\u00e9 term\u00edny v roce 2022 tedy jsou: 1.4.2022 &#8211; osobn\u011b nebo do 2.5.2022 elektronicky. pokud vyu\u017eijete slu\u017eeb da\u0148ov\u00e9ho poradce je datum 1.7. 2022. A\u0165 u\u017e to d\u011bl\u00e1te jak\u00fdmkoliv zp\u016fsobem p\u0159eji jenom bezprobl\u00e9mov\u00e9 pod\u00e1n\u00ed da\u0148ov\u00e9ho p\u0159izn\u00e1n\u00ed. A tak\u00e9 mnoho dal\u0161\u00edch \u00fasp\u011bch\u016f.                                                                                                                                                                                                                                                                                                                                                                                           4.5\/5 - (2 votes)        "},{"@context":"https:\/\/schema.org\/","@type":"BreadcrumbList","itemListElement":[{"@type":"ListItem","position":1,"name":"Da\u0148ov\u00e9 term\u00edny a jak na to","item":"https:\/\/www.chasa.cz\/danove-terminy-a-jak-na-to\/#breadcrumbitem"}]}]