[{"@context":"https:\/\/schema.org\/","@type":"Article","@id":"https:\/\/www.chasa.cz\/nemusite-si-hned-porizovat-vetsi-bydleni\/#Article","mainEntityOfPage":"https:\/\/www.chasa.cz\/nemusite-si-hned-porizovat-vetsi-bydleni\/","headline":"Nemus\u00edte si hned po\u0159izovat v\u011bt\u0161\u00ed bydlen\u00ed","name":"Nemus\u00edte si hned po\u0159izovat v\u011bt\u0161\u00ed bydlen\u00ed","description":"\u010cek\u00e1te nov\u00fd p\u0159\u00edr\u016fstek do rodiny a r\u00e1di byste m\u011bli v\u011bt\u0161\u00ed byt? St\u011bhov\u00e1n\u00ed nemus\u00ed b\u00fdt za ka\u017edou cenu nutn\u00e9, posta\u010d\u00ed jen prohl\u00e9dnout si katalog s na\u0161imi vestav\u011bn\u00fdmi sk\u0159\u00edn\u011bmi Praha. Tento druh bytov\u00e9ho vybaven\u00ed je elegantn\u00edm \u0159e\u0161en\u00edm p\u0159i pot\u00ed\u017e\u00edch s obytn\u00fdm m\u00edstem.... <a class=\"more-link\" href=\"https:\/\/www.chasa.cz\/nemusite-si-hned-porizovat-vetsi-bydleni\/\">Pokra\u010dovat ve \u010dten\u00ed &rarr;<\/a>","datePublished":"2025-08-24","dateModified":"2025-08-24","author":{"@type":"Person","@id":"https:\/\/www.chasa.cz\/author\/devene\/#Person","name":"devene","url":"https:\/\/www.chasa.cz\/author\/devene\/","identifier":1,"image":{"@type":"ImageObject","@id":"https:\/\/secure.gravatar.com\/avatar\/8ee00db67df6a380981db2e33f97d2fa79637c4880a83f2a0ac4c29b5bb179e1?s=96&d=mm&r=g","url":"https:\/\/secure.gravatar.com\/avatar\/8ee00db67df6a380981db2e33f97d2fa79637c4880a83f2a0ac4c29b5bb179e1?s=96&d=mm&r=g","height":96,"width":96}},"publisher":{"@type":"Organization","name":"chasa.cz","logo":{"@type":"ImageObject","@id":"\/logo.png","url":"\/logo.png","width":600,"height":60}},"url":"https:\/\/www.chasa.cz\/nemusite-si-hned-porizovat-vetsi-bydleni\/","wordCount":172,"articleBody":"\u010cek\u00e1te nov\u00fd p\u0159\u00edr\u016fstek do rodiny a r\u00e1di byste m\u011bli v\u011bt\u0161\u00ed byt? St\u011bhov\u00e1n\u00ed nemus\u00ed b\u00fdt za ka\u017edou cenu nutn\u00e9, posta\u010d\u00ed jen prohl\u00e9dnout si katalog s na\u0161imi vestav\u011bn\u00fdmi sk\u0159\u00edn\u011bmi Praha. Tento druh bytov\u00e9ho vybaven\u00ed je elegantn\u00edm \u0159e\u0161en\u00edm p\u0159i pot\u00ed\u017e\u00edch s obytn\u00fdm m\u00edstem. Pro n\u00e1bytek ud\u011bl\u00e1me otvory ve st\u011bn\u00e1ch Va\u0161ich pokoj\u016f. Nebudete z n\u011bj vid\u011bt nic v\u00edc, ne\u017e-li jen dve\u0159e. Materi\u00e1l je v\u017edy kvalitn\u00ed Vestav\u011bn\u00e9 sk\u0159\u00edn\u011b Praha jsou sice ve zdech a tak se m\u016f\u017ee zd\u00e1t, \u017ee mohou b\u00fdt vyrobeny z m\u00e9n\u011b kvalitn\u00edch materi\u00e1l\u016f, ale opak je pravdou. Tento n\u00e1bytek ned\u00e1 nijak udr\u017eovat a proto je nezbytn\u00e9, aby byl vyroben pouze ze d\u0159evin, kter\u00e9 vydr\u017e\u00ed opravdu dlouho. Mezi takov\u00e9to d\u0159eviny pat\u0159\u00ed nap\u0159\u00edklad o\u0159ech, dub, pop\u0159\u00edpad\u011b buk, tedy v\u0161echny masivn\u00ed d\u0159eviny.                                                                                                                                                                                                                                                                                                                                                                                                "},{"@context":"https:\/\/schema.org\/","@type":"BreadcrumbList","itemListElement":[{"@type":"ListItem","position":1,"name":"Nemus\u00edte si hned po\u0159izovat v\u011bt\u0161\u00ed bydlen\u00ed","item":"https:\/\/www.chasa.cz\/nemusite-si-hned-porizovat-vetsi-bydleni\/#breadcrumbitem"}]}]