[{"@context":"https:\/\/schema.org\/","@type":"Article","@id":"https:\/\/www.chasa.cz\/prani-a-pece-o-pradlo\/#Article","mainEntityOfPage":"https:\/\/www.chasa.cz\/prani-a-pece-o-pradlo\/","headline":"Pran\u00ed a p\u00e9\u010de o pr\u00e1dlo","name":"Pran\u00ed a p\u00e9\u010de o pr\u00e1dlo","description":"Pran\u00ed a p\u00e9\u010de o pr\u00e1dlo. No, tohle je t\u00e9ma, kter\u00e9 se t\u00fdk\u00e1 ka\u017ed\u00e9ho z n\u00e1s. A p\u0159iznejme si to, ob\u010das to m\u016f\u017ee b\u00fdt trochu opruz, kdy\u017e m\u00e1te hromadu pr\u00e1dla, kter\u00e9 \u010dek\u00e1 na to, a\u017e ho n\u011bjak\u00fdm zp\u016fsobem vy\u0159e\u0161\u00edte. Ale v\u00edte... <a class=\"more-link\" href=\"https:\/\/www.chasa.cz\/prani-a-pece-o-pradlo\/\">Pokra\u010dovat ve \u010dten\u00ed &rarr;<\/a>","datePublished":"2024-06-30","dateModified":"2024-06-30","author":{"@type":"Person","@id":"https:\/\/www.chasa.cz\/author\/devene\/#Person","name":"devene","url":"https:\/\/www.chasa.cz\/author\/devene\/","identifier":1,"image":{"@type":"ImageObject","@id":"https:\/\/secure.gravatar.com\/avatar\/8ee00db67df6a380981db2e33f97d2fa79637c4880a83f2a0ac4c29b5bb179e1?s=96&d=mm&r=g","url":"https:\/\/secure.gravatar.com\/avatar\/8ee00db67df6a380981db2e33f97d2fa79637c4880a83f2a0ac4c29b5bb179e1?s=96&d=mm&r=g","height":96,"width":96}},"publisher":{"@type":"Organization","name":"chasa.cz","logo":{"@type":"ImageObject","@id":"\/logo.png","url":"\/logo.png","width":600,"height":60}},"image":{"@type":"ImageObject","@id":"https:\/\/www.chasa.cz\/wp-content\/uploads\/oblek_6.jpg","url":"https:\/\/www.chasa.cz\/wp-content\/uploads\/oblek_6.jpg","height":0,"width":0},"url":"https:\/\/www.chasa.cz\/prani-a-pece-o-pradlo\/","about":["Dom\u00e1cnost"],"wordCount":457,"articleBody":"Pran\u00ed a p\u00e9\u010de o pr\u00e1dlo. No, tohle je t\u00e9ma, kter\u00e9 se t\u00fdk\u00e1 ka\u017ed\u00e9ho z n\u00e1s. A p\u0159iznejme si to, ob\u010das to m\u016f\u017ee b\u00fdt trochu opruz, kdy\u017e m\u00e1te hromadu pr\u00e1dla, kter\u00e9 \u010dek\u00e1 na to, a\u017e ho n\u011bjak\u00fdm zp\u016fsobem vy\u0159e\u0161\u00edte. Ale v\u00edte co? Kdy\u017e si na to najdete spr\u00e1vn\u00fd syst\u00e9m, nen\u00ed to v\u016fbec tak n\u00e1ro\u010dn\u00e9.\u00a0Za\u010dn\u011bme t\u00edm, co je asi nejd\u016fle\u017eit\u011bj\u0161\u00ed, a to je pr\u00e1v\u011b to t\u0159\u00edd\u011bn\u00ed pr\u00e1dla. Mn\u011b osobn\u011b se osv\u011bd\u010dilo odd\u011blit v\u017edy sv\u011btl\u00e9 a tmav\u00e9 pr\u00e1dlo. N\u011bkdo \u0159\u00edk\u00e1, \u017ee to nen\u00ed pot\u0159eba, ale j\u00e1 prost\u011b rad\u011bji nechci riskovat, \u017ee mi b\u00edl\u00fd svetr ze\u017eloutne. A v\u00edte co je dal\u0161\u00ed super tip? Zkuste ob\u010das pran\u00ed pr\u00e1dla \u201ep\u0159edem o\u0161et\u0159it\u201c, zvl\u00e1\u0161\u0165 u v\u011bc\u00ed, kter\u00e9 m\u00e1te dlouho, nebo kdy\u017e je na nich n\u011bjak\u00fd skvrnky, kter\u00e9 se hned necht\u011bj\u00ed vyprat. P\u0159ed pran\u00edm je prost\u011b dejte do n\u011bjak\u00e9 n\u00e1dobky s vodou a prac\u00edm prost\u0159edkem a nechte je trochu \u201eodpo\u010dinout\u201c. D\u011bl\u00e1 to z\u00e1zraky! Co se t\u00fd\u010de samotn\u00e9ho pran\u00ed, je fajn m\u00edt dobr\u00fd prac\u00ed prost\u0159edek, kter\u00fd v\u00e1m pr\u00e1dlo hezky vy\u010dist\u00ed, ale z\u00e1rove\u0148 ho nepo\u0161kod\u00ed. N\u011bkdy je lep\u0161\u00ed j\u00edt cestou n\u011b\u010deho \u0161etrn\u00e9ho, pokud m\u00e1te citlivou poko\u017eku nebo t\u0159eba alergie. Mn\u011b se osv\u011bd\u010dilo zkusit i ekologick\u00e9 varianty, sice stoj\u00ed trochu v\u00edc, ale pr\u00e1dlo je po nich kr\u00e1sn\u011b jemn\u00e9, co\u017e je pro m\u011b d\u016fle\u017eit\u00e9.A te\u010f to su\u0161en\u00ed! V\u00edm, \u017ee v\u011bt\u0161ina z n\u00e1s nem\u00e1 doma su\u0161i\u010dku, a i kdy\u017e je to fajn vyn\u00e1lez, nen\u00ed to \u00fapln\u011b nutnost. M\u00e1m r\u00e1da su\u0161en\u00ed na \u010derstv\u00e9m vzduchu, kdy\u017e to po\u010das\u00ed dovol\u00ed. V zim\u011b je to trochu hor\u0161\u00ed, ale i tak se d\u00e1 pr\u00e1dlo kr\u00e1sn\u011b usu\u0161it na su\u0161\u00e1ku. A v\u011b\u0159te mi, nikdy nepodce\u0148ujte spr\u00e1vn\u00e9 vyv\u011b\u0161en\u00ed. Kdy\u017e pr\u00e1dlo vyv\u011bs\u00edte hezky rovn\u011b, bude se v\u00e1m mnohem l\u00e9pe \u017eehlit.\u00a0No, a pokud jde o \u017eehlen\u00ed, no\u010dn\u00ed m\u016fra spousta \u017een, je to ta nejm\u00e9n\u011b obl\u00edben\u00e1 \u010d\u00e1st, ale zase, kdy\u017e si na to ud\u011bl\u00e1te \u010das a budete m\u00edt dobr\u00e9 \u017eehli\u010dky, jde to o dost rychleji. A hlavn\u011b p\u0159eci ne\u017eehl\u00edte v\u0161echno, \u017ee? N\u011bkdy je lep\u0161\u00ed zvolit materi\u00e1ly, kter\u00e9 se nemus\u00ed \u017eehlit v\u016fbec nebo jen minim\u00e1ln\u011b. Tak \u0161up do toho.                                                                                                                                                                                                                                                                                                                                                                                        5\/5 - (3 votes)        "},{"@context":"https:\/\/schema.org\/","@type":"BreadcrumbList","itemListElement":[{"@type":"ListItem","position":1,"name":"Pran\u00ed a p\u00e9\u010de o pr\u00e1dlo","item":"https:\/\/www.chasa.cz\/prani-a-pece-o-pradlo\/#breadcrumbitem"}]}]