[{"@context":"https:\/\/schema.org\/","@type":"Article","@id":"https:\/\/www.chasa.cz\/stylovy-obklad\/#Article","mainEntityOfPage":"https:\/\/www.chasa.cz\/stylovy-obklad\/","headline":"Stylov\u00fd obklad","name":"Stylov\u00fd obklad","description":"Oby\u010dejnou zd\u011bnou om\u00edtku tu m\u00e1 ka\u017ed\u00fd! Nen\u00ed to nic neobvykl\u00e9ho a v\u011bt\u0161inou n\u00e1s ani nenapadne zastavit se u n\u00ed! Ale kdy\u017e si n\u011bkdo po\u0159\u00edd\u00ed oblo\u017een\u00ed z\u00a0kamene, to je teprve par\u00e1da! Stane se atypick\u00fdm prvkem na fas\u00e1d\u011b domu, obchodu, \u010di restaurace,... <a class=\"more-link\" href=\"https:\/\/www.chasa.cz\/stylovy-obklad\/\">Pokra\u010dovat ve \u010dten\u00ed &rarr;<\/a>","datePublished":"2024-10-26","dateModified":"2024-10-26","author":{"@type":"Person","@id":"https:\/\/www.chasa.cz\/author\/devene\/#Person","name":"devene","url":"https:\/\/www.chasa.cz\/author\/devene\/","identifier":1,"image":{"@type":"ImageObject","@id":"https:\/\/secure.gravatar.com\/avatar\/8ee00db67df6a380981db2e33f97d2fa79637c4880a83f2a0ac4c29b5bb179e1?s=96&d=mm&r=g","url":"https:\/\/secure.gravatar.com\/avatar\/8ee00db67df6a380981db2e33f97d2fa79637c4880a83f2a0ac4c29b5bb179e1?s=96&d=mm&r=g","height":96,"width":96}},"publisher":{"@type":"Organization","name":"chasa.cz","logo":{"@type":"ImageObject","@id":"\/logo.png","url":"\/logo.png","width":600,"height":60}},"url":"https:\/\/www.chasa.cz\/stylovy-obklad\/","wordCount":241,"articleBody":"Oby\u010dejnou zd\u011bnou om\u00edtku tu m\u00e1 ka\u017ed\u00fd! Nen\u00ed to nic neobvykl\u00e9ho a v\u011bt\u0161inou n\u00e1s ani nenapadne zastavit se u n\u00ed! Ale kdy\u017e si n\u011bkdo po\u0159\u00edd\u00ed oblo\u017een\u00ed z\u00a0kamene, to je teprve par\u00e1da! Stane se atypick\u00fdm prvkem na fas\u00e1d\u011b domu, obchodu, \u010di restaurace, stane se vysoce praktickou z\u00e1le\u017eitost\u00ed, hlavn\u011b tam, kde je ru\u0161n\u00e1 ulice a jasn\u00e1 barva om\u00edtek dlouho nevydr\u017e\u00ed! Tento materi\u00e1l snadno opl\u00e1chneme a po\u0159\u00e1d m\u00e1me n\u00e1dhern\u00fd vzhled nemovitosti zaji\u0161t\u011bn\u00fd! Zeptejte se u n\u00e1s na mo\u017enosti venkovn\u00edho u\u017eit\u00ed! Zeptejte se v Kamenictv\u00ed Pardubice, jak nejl\u00e9pe zpracovat i exteri\u00e9ry! Budeme v\u00e1m r\u00e1di n\u00e1pomocni nejen radou, ale i samotnou realizac\u00ed pr\u00e1ce! Jsme profesion\u00e1lov\u00e9, s\u00a0t\u00edmto materi\u00e1lem dok\u00e1\u017eeme pracovat, zn\u00e1me technologick\u00e9 postupy pro jeho instalaci a na\u0161e pr\u00e1ce vykazuje pouze vynikaj\u00edc\u00ed v\u00fdsledky! Kdy\u017e chcete zm\u011bnu, radik\u00e1ln\u00ed zm\u011bnu va\u0161eho domu, obra\u0165te se na n\u00e1s!\tNen\u00ed to jednoduch\u00e9Nau\u010dit se pracovat a zach\u00e1zet s\u00a0t\u00edmto tvrd\u00fdm nerostem! Chce to l\u00e9ta praxe a zku\u0161enost\u00ed! A\u0165 z n\u011bj pot\u0159ebujete jakoukoli pr\u00e1ci, sv\u011b\u0159te se do rukou odborn\u00edk\u016fm! Cht\u011bjte v\u017edy z\u00e1ruku pouze skv\u011bl\u00e9ho v\u00fdsledku! Ten m\u00e1te jedin\u011b u n\u00e1s!                                                                                                                                                                                                                                                                                                                                                                                        3.8\/5 - (5 votes)        "},{"@context":"https:\/\/schema.org\/","@type":"BreadcrumbList","itemListElement":[{"@type":"ListItem","position":1,"name":"Stylov\u00fd obklad","item":"https:\/\/www.chasa.cz\/stylovy-obklad\/#breadcrumbitem"}]}]