[{"@context":"https:\/\/schema.org\/","@type":"Article","@id":"https:\/\/www.chasa.cz\/zarizeni-na-auto\/#Article","mainEntityOfPage":"https:\/\/www.chasa.cz\/zarizeni-na-auto\/","headline":"Za\u0159\u00edzen\u00ed na auto","name":"Za\u0159\u00edzen\u00ed na auto","description":"Jist\u011b se v\u00e1m st\u00e1le u\u017e n\u011bjak\u00e1 nemil\u00e1 ud\u00e1lost, kter\u00e1 se t\u00fdkala v\u00e1s a va\u0161eho auta. J\u00e1 takov\u00e9to situace zn\u00e1m a v\u00edm, \u017ee to je v\u017edycky takov\u00e9 smutn\u00e9. Proto\u017ee se mi jednou stalo, \u017ee jsem jela pro sv\u00e9ho syna do krou\u017eku... <a class=\"more-link\" href=\"https:\/\/www.chasa.cz\/zarizeni-na-auto\/\">Pokra\u010dovat ve \u010dten\u00ed &rarr;<\/a>","datePublished":"2022-06-23","dateModified":"2023-06-14","author":{"@type":"Person","@id":"https:\/\/www.chasa.cz\/author\/devene\/#Person","name":"devene","url":"https:\/\/www.chasa.cz\/author\/devene\/","identifier":1,"image":{"@type":"ImageObject","@id":"https:\/\/secure.gravatar.com\/avatar\/8ee00db67df6a380981db2e33f97d2fa79637c4880a83f2a0ac4c29b5bb179e1?s=96&d=mm&r=g","url":"https:\/\/secure.gravatar.com\/avatar\/8ee00db67df6a380981db2e33f97d2fa79637c4880a83f2a0ac4c29b5bb179e1?s=96&d=mm&r=g","height":96,"width":96}},"publisher":{"@type":"Organization","name":"chasa.cz","logo":{"@type":"ImageObject","@id":"\/logo.png","url":"\/logo.png","width":600,"height":60}},"image":{"@type":"ImageObject","@id":"https:\/\/www.chasa.cz\/wp-content\/uploads\/taxi-4516525_960_720.jpg","url":"https:\/\/www.chasa.cz\/wp-content\/uploads\/taxi-4516525_960_720.jpg","height":0,"width":0},"url":"https:\/\/www.chasa.cz\/zarizeni-na-auto\/","wordCount":409,"articleBody":"        Jist\u011b se v\u00e1m st\u00e1le u\u017e n\u011bjak\u00e1 nemil\u00e1 ud\u00e1lost, kter\u00e1 se t\u00fdkala v\u00e1s a va\u0161eho auta. J\u00e1 takov\u00e9to situace zn\u00e1m a v\u00edm, \u017ee to je v\u017edycky takov\u00e9 smutn\u00e9. Proto\u017ee se mi jednou stalo, \u017ee jsem jela pro sv\u00e9ho syna do krou\u017eku fotbalu, kdy\u017e bylo \u0161kared\u00e9 po\u010das\u00ed, ale j\u00e1 jsem si \u0159ekla, \u017ee to zkus\u00edm. Proto\u017ee j\u00e1 jsem takov\u00e1, \u017ee v\u016fbec nem\u00e1m r\u00e1da, kdy\u017e mus\u00edm jezdit ve \u0161kared\u00e9m po\u010das\u00ed. J\u00e1 m\u00e1m st\u00e1le za to, \u017ee n\u011bkde dostanu smyk a n\u011bkam nabour\u00e1m. Samoz\u0159ejm\u011b, to jsou pouze m\u00e1 \u00fazkostn\u00e9 stavy. Jenom\u017ee j\u00e1 si nemohu pomoct. Opravdu nerada jezd\u00edm v zim\u011b a nebo kdy\u017e pr\u0161\u00ed. Nicm\u00e9n\u011b ale prost\u011b jet pro syna jsem musela. Autobus \u017e\u00e1dn\u00fd nejel a doma jsem nikoho nem\u011bla, kdo m\u011b tam zavezl. Tak\u017ee jsem si vzala auto a jela jsem. A bohu\u017eel se stalo to, co jsem \u010dekala. A co jsem si myslela. Mo\u017en\u00e1 jsem si to p\u0159ivolala, kdov\u00ed. Dostala jsem samoz\u0159ejm\u011b smyk v zat\u00e1\u010dce.Na\u0161t\u011bst\u00ed se ale nic hrozn\u00e9ho nestalo, jenom jsem z\u016fstala v p\u0159\u00edkop\u011b. Tak\u017ee se mi hodilo ta\u017en\u00e9 za\u0159\u00edzen\u00ed na Volkswagen Passat. Jist\u011b zn\u00e1te, \u017ee pokud m\u00e1te auto Passat, tak se v\u00e1m bude v\u017edycky hodit ta\u017en\u00e9 za\u0159\u00edzen\u00ed na Volkswagen Passat. Podle m\u011b to opravdu skv\u011bl\u00e9 auto. A pokud vlastn\u00edte tak\u00e9 ta\u017en\u00e9 za\u0159\u00edzen\u00ed na Volkswagen Passat, tak m\u00e1te z p\u016flky vyhr\u00e1no.Proto\u017ee opravdu nikdy nev\u00edte, kdy budete pot\u0159ebovat ta\u017en\u00e9 za\u0159\u00edzen\u00ed na VW Passat. V\u00edm, \u017ee i kdy\u017e si mysl\u00edte, \u017ee nikdy bourat nebudete, tak se stejn\u011b v\u017edycky vyplat\u00ed m\u00edt ta\u017en\u00e9 za\u0159\u00edzen\u00ed na Volkswagen Passat. A pokud nev\u00edte, co to je, tak nen\u00ed od v\u011bci si to naj\u00edt na internetu, kde je v\u00e1\u017en\u011b v\u0161echno. Tam si zjist\u00edte opravdu nov\u00e9 informace, kter\u00e9 pot\u0159ebujete v\u011bd\u011bt o ta\u017en\u00e9m za\u0159\u00edzen\u00ed na auto Volkswagen Passat. a nikdy nezapome\u0148te, \u017ee jezdit v aut\u011b se nem\u00e1 v\u017edycky opatrn\u011b, a to za jak\u00e9hokoliv po\u010das\u00ed, proto\u017ee obez\u0159etnosti nen\u00ed nikdy dost. Jen se pod\u00edvejte, kolik je nep\u011bkn\u00fdch nehod a n\u011bkdy \u00fapln\u011b zbyte\u010dn\u011b, lidskou hloupost\u00ed.                                                                                                                                                                                                                                                                                                                                                                                          3.6\/5 - (8 votes)        "},{"@context":"https:\/\/schema.org\/","@type":"BreadcrumbList","itemListElement":[{"@type":"ListItem","position":1,"name":"Za\u0159\u00edzen\u00ed na auto","item":"https:\/\/www.chasa.cz\/zarizeni-na-auto\/#breadcrumbitem"}]}]